[{"@context":"https:\/\/schema.org\/","@type":"Article","@id":"https:\/\/www.avander.sk\/mate-doma-prakticke-veci\/#Article","mainEntityOfPage":"https:\/\/www.avander.sk\/mate-doma-prakticke-veci\/","headline":"M\u00e1te doma praktick\u00e9 veci?","name":"M\u00e1te doma praktick\u00e9 veci?","description":"Pozn\u00e1te ten pocit, \u017ee mus\u00edte jednoducho urobi\u0165 zmenu vo va\u0161om domove? Pozn\u00e1te to alebo absol\u00fatne nie? Preto\u017ee neviem pre\u010do, ale&hellip;","datePublished":"2018-10-20","dateModified":"2018-10-20","author":{"@type":"Person","@id":"https:\/\/www.avander.sk\/author\/#Person","name":"","url":"https:\/\/www.avander.sk\/author\/","identifier":1,"image":{"@type":"ImageObject","@id":"https:\/\/secure.gravatar.com\/avatar\/2d2764a424a89ac38785df784051989f5c5cb264a2405c7e5d24c1907a83f0fb?s=96&d=mm&r=g","url":"https:\/\/secure.gravatar.com\/avatar\/2d2764a424a89ac38785df784051989f5c5cb264a2405c7e5d24c1907a83f0fb?s=96&d=mm&r=g","height":96,"width":96}},"publisher":{"@type":"Organization","name":"avander.sk","logo":{"@type":"ImageObject","@id":"\/logo.png","url":"\/logo.png","width":600,"height":60}},"image":{"@type":"ImageObject","@id":"https:\/\/www.avander.sk\/wp-content\/uploads\/img_a292805_w16603_t1540989749.jpg","url":"https:\/\/www.avander.sk\/wp-content\/uploads\/img_a292805_w16603_t1540989749.jpg","height":0,"width":0},"url":"https:\/\/www.avander.sk\/mate-doma-prakticke-veci\/","wordCount":392,"articleBody":"   Pozn\u00e1te ten pocit, \u017ee mus\u00edte jednoducho urobi\u0165 zmenu vo va\u0161om domove? Pozn\u00e1te to alebo absol\u00fatne nie? Preto\u017ee neviem pre\u010do, ale ja som mala pocit, \u017ee ma nie\u010do tak\u00e9to chyt\u00ed v\u017edy tak raz za p\u00e4\u0165 rokov. Naozaj to bolo asi smie\u0161ne, no nakoniec som sa v\u017edy pozrela v prvom rade na to, ako ve\u013emi dok\u00e1\u017eem pracova\u0165 na t\u00fdchto veciach, ktor\u00e9 s\u00fa naozaj okolo m\u0148a a ja sa m\u00f4\u017eem zamera\u0165 na ve\u013ek\u00e9 projekty v mojom domove. Preto som si napr\u00edklad k\u00fapila sklenene zabradlie na balkon. Je to pod\u013ea v\u00e1s norm\u00e1lne alebo smie\u0161ne? Teda neviem, ale vlastne to ani nerie\u0161im.Rie\u0161ila som, \u017ee som nevedela, ako s t\u00fdm m\u00f4\u017eem pracova\u0165. Vedela som, \u017ee na niektor\u00fdch veciach z\u00e1le\u017e\u00ed len mne, ale museli sme na tom proste pracova\u0165 spolu. A museli ma \u013eudia re\u0161pektova\u0165, lebo ja som re\u0161pektovala ich. D\u00f4le\u017eit\u00e9 bolo, \u017ee som v\u00e4\u010d\u0161inou pracovala hlavne na tom, aby veci, ktor\u00e9 si zoberiem domov, boli aj praktick\u00e9. Nie v\u017edy sa mi to podarilo, nech mi to t\u00e1 dizajn\u00e9rska v\u00e1za odpust\u00ed, ale v\u00e4\u010d\u0161inou som urobila v\u0161etko preto, aby som nekupovala veci len tak zbrucha a aby boli naozaj v\u00fdznamn\u00e9 vo v\u0161etkom, \u010do je okolo. A vtedy si uvedom\u00edte, \u017ee na tom proste z\u00e1le\u017e\u00ed, no nie? Neviem, ale je mi jasn\u00e9, \u017ee nakoniec si ka\u017ed\u00fd z n\u00e1s predsa len vyberie presne t\u00fa vec, na ktorej to chce cel\u00e9 postavi\u0165 a na ktorej proste naozaj, ale naozaj z\u00e1le\u017e\u00ed. Viem, \u017ee sa t\u00fdm \u013eudia nechc\u00fa zaobera\u0165 a chc\u00fa v\u00e4\u010d\u0161inou vybra\u0165 presne t\u00fa vec, ktor\u00e1 sa do ich domu hod\u00ed, aj ke\u010f nem\u00e1 mo\u017eno ve\u013emi ve\u013ek\u00fd v\u00fdznam v celom tom procese. Ale ob\u010das to v\u00f4bec nevad\u00ed, naozaj sa na to m\u00f4\u017eete pozrie\u0165 presne z tohto h\u013eadiska. Ja som sa v\u017edy pozerala na praktickos\u0165 ka\u017edej jednej veci, ktor\u00fa som doma mala. A mysl\u00edm si, \u017ee nakoniec to bude to najlep\u0161ie rozhodnutie v mojom a v na\u0161om \u017eivote. Ot\u00e1zne je, \u010do k\u00fapim, ke\u010f budem ma\u0165 zase chu\u0165 nie\u010do zmeni\u0165? To u\u017e neviem, ale h\u00e1dam to nejako vymysl\u00edm.                                                                                                                                                                                                                                                                                                                                                                                                  "},{"@context":"https:\/\/schema.org\/","@type":"BreadcrumbList","itemListElement":[{"@type":"ListItem","position":1,"name":"M\u00e1te doma praktick\u00e9 veci?","item":"https:\/\/www.avander.sk\/mate-doma-prakticke-veci\/#breadcrumbitem"}]}]