[{"@context":"https:\/\/schema.org\/","@type":"Article","@id":"https:\/\/www.avander.sk\/pokryvka-hlavy-na-kazdu-prilezitost\/#Article","mainEntityOfPage":"https:\/\/www.avander.sk\/pokryvka-hlavy-na-kazdu-prilezitost\/","headline":"Pokr\u00fdvka hlavy na ka\u017ed\u00fa pr\u00edle\u017eitos\u0165.","name":"Pokr\u00fdvka hlavy na ka\u017ed\u00fa pr\u00edle\u017eitos\u0165.","description":"Niekedy sa hlavne star\u0161\u00ed \u013eudia \u010duduj\u00fa, pre\u010do to\u013eko \u013eud\u00ed nos\u00ed na hlave \u0161iltovku, aj ke\u010f vonku v\u00f4bec nesvieti slnko. No&hellip;","datePublished":"2022-03-04","dateModified":"2022-03-04","author":{"@type":"Person","@id":"https:\/\/www.avander.sk\/author\/#Person","name":"","url":"https:\/\/www.avander.sk\/author\/","identifier":1,"image":{"@type":"ImageObject","@id":"https:\/\/secure.gravatar.com\/avatar\/2d2764a424a89ac38785df784051989f5c5cb264a2405c7e5d24c1907a83f0fb?s=96&d=mm&r=g","url":"https:\/\/secure.gravatar.com\/avatar\/2d2764a424a89ac38785df784051989f5c5cb264a2405c7e5d24c1907a83f0fb?s=96&d=mm&r=g","height":96,"width":96}},"publisher":{"@type":"Organization","name":"avander.sk","logo":{"@type":"ImageObject","@id":"\/logo.png","url":"\/logo.png","width":600,"height":60}},"image":{"@type":"ImageObject","@id":"https:\/\/www.avander.sk\/wp-content\/uploads\/%C5%A1iltovka%20(6).jpg","url":"https:\/\/www.avander.sk\/wp-content\/uploads\/%C5%A1iltovka%20(6).jpg","height":0,"width":0},"url":"https:\/\/www.avander.sk\/pokryvka-hlavy-na-kazdu-prilezitost\/","wordCount":376,"articleBody":"   Niekedy sa hlavne star\u0161\u00ed \u013eudia \u010duduj\u00fa, pre\u010do to\u013eko \u013eud\u00ed nos\u00ed na hlave \u0161iltovku, aj ke\u010f vonku v\u00f4bec nesvieti slnko. No dnes u\u017e \u0161ilt na tejto typickej \u010diapke chr\u00e1niaci pred slne\u010dn\u00fdmi l\u00fa\u010dmi nie je t\u00fdm podstatn\u00fdm, pre\u010do majitelia \u0161iltoviek siahaj\u00fa po t\u00fdchto pokr\u00fdvkach hlavy. Hlavn\u00fdm cie\u013eom je odl\u00ed\u0161i\u0165 sa od okolia, ale \u010dasto aj budovanie vlastnej identity. A \u0161iltovky r\u00f4znych druhov, farieb a \u0161t\u00fdlov pon\u00fakaj\u00fa nekone\u010dn\u00e9 mno\u017estvo mo\u017enost\u00ed ako sa m\u00f4\u017eete odl\u00ed\u0161i\u0165 od ostatn\u00fdch. Preto\u017ee logo zobrazen\u00e9 na prednej strane \u0161iltovky je dokonal\u00fdm rozli\u0161ovac\u00edm znakom, ktor\u00e9 pri\u0165ahuje mu\u017eov, \u017eeny a deti ka\u017ed\u00e9ho veku. Ak patr\u00edte k fan\u00fa\u0161ikom \u0161portu ako s\u00fa americk\u00fd futbal, bejzbal, \u013eadov\u00fd hokej alebo in\u00fd druh popul\u00e1rneho \u0161portu, m\u00f4\u017eete siahnu\u0165 po jednej zo \u0161iltoviek trenchtown.sk zna\u010dky 47 Brand. Tieto \u0161t\u00fdlov\u00e9 a ve\u013emi kvalitn\u00e9 \u0161iltovky v\u00e1s ihne\u010f zaradia medzi priaznivcov jedn\u00e9ho zo svetov\u00fdch \u0161portov\u00fdch klubov ako s\u00fa Boston Red Sox alebo NY Yankees. No mnoho nosite\u013eov t\u00fdchto \u0161iltoviek nem\u00e1 v\u00f4bec potuchy o t\u00fdchto \u0161portov\u00fdch kluboch, iba sa im jednoducho p\u00e1\u010dia ich tvary a farebn\u00e9 prevedenie. A nosi\u0165 ich m\u00f4\u017eu hoci aj do baru na stretnutie s priate\u013emi. No jedno v\u00e1m tieto zna\u010dkov\u00e9 \u0161iltovky zaru\u010dia ur\u010dite. Budete vyzera\u0165 naozaj trendy a p\u00f4sobiv\u00e1 kvalitn\u00e1 \u0161iltovka na va\u0161ej hlave v\u00e1m pom\u00f4\u017ee zauja\u0165.No asi naj\u010dastej\u0161ie siahaj\u00fa po \u0161iltovk\u00e1ch priaznivci street wear \u0161t\u00fdlu. Pouli\u010dn\u00e1 m\u00f3da je priam predur\u010den\u00e1 na nosenie \u0161iltovky na va\u0161ej hlave, a preto aj mno\u017estvo zna\u010diek \u0161iltoviek je ur\u010den\u00fdch pr\u00e1ve pre tento \u017eivotn\u00fd \u0161t\u00fdl. A priaznivci street wear m\u00f3dy maj\u00fa vo svojom \u0161atn\u00edku niekedy aj nieko\u013eko desiatok \u0161iltoviek r\u00f4znych zna\u010diek a tvarov. Samozrejme, \u017ee je k \u0161iltovke prisp\u00f4soben\u00fd aj cel\u00fd outfit, no nie je to v\u017edy pravidlom. \u0160iltovku si toti\u017e m\u00f4\u017eete da\u0165 na hlavu asi ku ka\u017ed\u00e9mu typu oble\u010denia. Niektor\u00ed fan\u00fa\u0161ikovia ju nosia dokonca aj k pracovn\u00e9mu obleku do pr\u00e1ce.                                                                                                                                                                                                                                                                                                                                                                                                   "},{"@context":"https:\/\/schema.org\/","@type":"BreadcrumbList","itemListElement":[{"@type":"ListItem","position":1,"name":"Pokr\u00fdvka hlavy na ka\u017ed\u00fa pr\u00edle\u017eitos\u0165.","item":"https:\/\/www.avander.sk\/pokryvka-hlavy-na-kazdu-prilezitost\/#breadcrumbitem"}]}]