[{"@context":"https:\/\/schema.org\/","@type":"Article","@id":"https:\/\/www.avander.sk\/stylova-a-elegantna\/#Article","mainEntityOfPage":"https:\/\/www.avander.sk\/stylova-a-elegantna\/","headline":"\u0160t\u00fdlov\u00e1 a elegantn\u00e1","name":"\u0160t\u00fdlov\u00e1 a elegantn\u00e1","description":"H\u013ead\u00e1te nejak\u00fa bl\u00fazku, ktor\u00e1 bude \u0161t\u00fdlov\u00e1, modern\u00e1, elegantn\u00e1 a z\u00e1rove\u0148 praktick\u00e1, jednoduch\u00e1, univerz\u00e1lna a bude sa hodi\u0165 ku v\u0161etk\u00e9mu. U\u017e&hellip;","datePublished":"2023-03-04","dateModified":"2023-03-04","author":{"@type":"Person","@id":"https:\/\/www.avander.sk\/author\/#Person","name":"","url":"https:\/\/www.avander.sk\/author\/","identifier":1,"image":{"@type":"ImageObject","@id":"https:\/\/secure.gravatar.com\/avatar\/2d2764a424a89ac38785df784051989f5c5cb264a2405c7e5d24c1907a83f0fb?s=96&d=mm&r=g","url":"https:\/\/secure.gravatar.com\/avatar\/2d2764a424a89ac38785df784051989f5c5cb264a2405c7e5d24c1907a83f0fb?s=96&d=mm&r=g","height":96,"width":96}},"publisher":{"@type":"Organization","name":"avander.sk","logo":{"@type":"ImageObject","@id":"\/logo.png","url":"\/logo.png","width":600,"height":60}},"image":{"@type":"ImageObject","@id":"https:\/\/www.avander.sk\/wp-content\/uploads\/girl-5749591__480_1.png","url":"https:\/\/www.avander.sk\/wp-content\/uploads\/girl-5749591__480_1.png","height":0,"width":0},"url":"https:\/\/www.avander.sk\/stylova-a-elegantna\/","wordCount":383,"articleBody":"   H\u013ead\u00e1te nejak\u00fa bl\u00fazku, ktor\u00e1 bude \u0161t\u00fdlov\u00e1, modern\u00e1, elegantn\u00e1 a z\u00e1rove\u0148 praktick\u00e1, jednoduch\u00e1, univerz\u00e1lna a bude sa hodi\u0165 ku v\u0161etk\u00e9mu. U\u017e h\u013eada\u0165 nemus\u00edte, preto\u017ee pr\u00e1ve ste ju na\u0161li! D\u00e1mska bl\u00fazka Myrcella 102 by nemala ch\u00fdba\u0165 v \u0161atn\u00edku \u017eiadnej \u017eeny. Pripravte sa na jarn\u00fa a letn\u00fa sez\u00f3nu s novou d\u00e1mskou bl\u00fazkou Myrcella Bigstarjeans Star\u00e9 m\u00fadre pr\u00edslovie hovor\u00ed, \u017ee v jednoduchosti je kr\u00e1sa. A s bl\u00fazkou Myrcella zist\u00edte, \u017ee je to naozaj tak. Tento univerz\u00e1lny odevn\u00fd k\u00fasok sa hod\u00ed takmer na ka\u017ed\u00fa pr\u00edle\u017eitos\u0165 a v\u017edy budete vyzera\u0165 moderne, elegantne a \u0161t\u00fdlovo. Bl\u00fazku Myrcellu 102 m\u00f4\u017eete obliec\u0165 r\u00e1no do pr\u00e1ce, poobede na n\u00e1kupy a ve\u010der do baru s priate\u013emi a v\u017edy budete vyzera\u0165 kr\u00e1sne, elegantne a p\u00fatavo. V\u010faka svojej jednoduchosti a prirodzenej elegancii si k nej m\u00f4\u017eete obliec\u0165 \u010doko\u013evek: d\u017e\u00ednsy, klasick\u00e9 nohavice, elegantn\u00e9 \u010dierne nohavice, ale taktie\u017e bude vyzera\u0165 super v kombin\u00e1cii so suk\u0148ou. V chladnej\u0161om obdob\u00ed p\u00f4jde k saku aj k d\u017e\u00ednsovej bunde. Nech vyzn\u00e1vate ak\u00fdko\u013evek m\u00f3dny \u0161t\u00fdl, bl\u00fazka Myrcella 102 mus\u00ed by\u0165 jeho s\u00fa\u010das\u0165ou, preto\u017ee t\u00e1to bl\u00fazka je nad\u010dasov\u00e1 klasika, ktor\u00fa budete nosi\u0165 neust\u00e1le. Elegantnos\u0165 bl\u00fazke Myrcelle 102 dod\u00e1vaj\u00fa aj nabrat\u00e9 troj\u0161tvr\u0165ov\u00e9 ruk\u00e1vy. Bl\u00fazka Myrcella je jedine\u010dn\u00e1 aj v\u010faka svojmu zlo\u017eeniu a kvalite. M\u00e1 95% bavlny, \u010do znamen\u00e1 \u017ee je pr\u00edjemn\u00e1 na nosenie a \u013eahk\u00e1 na udr\u017eiavanie. V\u010faka elastanu sa \u013eahko natiahne a pekne pri\u013ene na va\u0161e telo. Objednajte si ju u n\u00e1s v e-shope za zv\u00fdhodnen\u00fa cenu 15 euro. V\u010faka s\u00fa\u010dasnej z\u013eave m\u00f4\u017eete u\u0161etri\u0165 takmer 10 euro. To sa naozaj oplat\u00ed! Ak v e-shope Big Star urob\u00edte n\u00e1kup nad 50 euro dopravu m\u00e1te zdarma. Ak m\u00e1te jednu z na\u0161ich predajn\u00ed bl\u00edzko radi v\u00e1s uv\u00edtame aj v nich a budete si m\u00f4c\u0165 bl\u00fazku Myrcella 102 hne\u010f vysk\u00fa\u0161a\u0165 a sami uvid\u00edte, ako v\u00e1m pristane. Na\u0161e predajne n\u00e1jdete v mest\u00e1ch Pre\u0161ov, Ko\u0161ice, \u017dilina.                                                                                                                                                                                                                                                                                                                                                                                                   "},{"@context":"https:\/\/schema.org\/","@type":"BreadcrumbList","itemListElement":[{"@type":"ListItem","position":1,"name":"\u0160t\u00fdlov\u00e1 a elegantn\u00e1","item":"https:\/\/www.avander.sk\/stylova-a-elegantna\/#breadcrumbitem"}]}]